{"id":173,"date":"2025-05-22T20:40:36","date_gmt":"2025-05-22T18:40:36","guid":{"rendered":"https:\/\/cittadiniperlapace.org\/?p=173"},"modified":"2025-05-22T20:42:55","modified_gmt":"2025-05-22T18:42:55","slug":"padova-25-maggio-no-al-riarmo","status":"publish","type":"post","link":"https:\/\/cittadiniperlapace.org\/index.php\/2025\/05\/22\/padova-25-maggio-no-al-riarmo\/","title":{"rendered":"Padova, 25 Maggio -NO AL RIARMO"},"content":{"rendered":"\n<div class=\"wp-block-group is-nowrap is-layout-flex wp-container-core-group-is-layout-f66f9956 wp-block-group-is-layout-flex\">\n<figure data-wp-context=\"{&quot;imageId&quot;:&quot;69f11c1c55bb5&quot;}\" data-wp-interactive=\"core\/image\" data-wp-key=\"69f11c1c55bb5\" class=\"wp-block-image alignleft size-full wp-container-content-9cfa9a5a wp-lightbox-container\"><img loading=\"lazy\" decoding=\"async\" width=\"987\" height=\"1396\" data-wp-class--hide=\"state.isContentHidden\" data-wp-class--show=\"state.isContentVisible\" data-wp-init=\"callbacks.setButtonStyles\" data-wp-on--click=\"actions.showLightbox\" data-wp-on--load=\"callbacks.setButtonStyles\" data-wp-on-window--resize=\"callbacks.setButtonStyles\" src=\"https:\/\/cittadiniperlapace.org\/wp-content\/uploads\/2025\/05\/padova_25_maggio.jpeg\" alt=\"\" class=\"wp-image-174\" style=\"object-fit:cover\" srcset=\"https:\/\/cittadiniperlapace.org\/wp-content\/uploads\/2025\/05\/padova_25_maggio.jpeg 987w, https:\/\/cittadiniperlapace.org\/wp-content\/uploads\/2025\/05\/padova_25_maggio-212x300.jpeg 212w, https:\/\/cittadiniperlapace.org\/wp-content\/uploads\/2025\/05\/padova_25_maggio-724x1024.jpeg 724w, https:\/\/cittadiniperlapace.org\/wp-content\/uploads\/2025\/05\/padova_25_maggio-768x1086.jpeg 768w\" sizes=\"auto, (max-width: 987px) 100vw, 987px\" \/><button\n\t\t\tclass=\"lightbox-trigger\"\n\t\t\ttype=\"button\"\n\t\t\taria-haspopup=\"dialog\"\n\t\t\taria-label=\"Ingrandisci\"\n\t\t\tdata-wp-init=\"callbacks.initTriggerButton\"\n\t\t\tdata-wp-on--click=\"actions.showLightbox\"\n\t\t\tdata-wp-style--right=\"state.imageButtonRight\"\n\t\t\tdata-wp-style--top=\"state.imageButtonTop\"\n\t\t>\n\t\t\t<svg xmlns=\"http:\/\/www.w3.org\/2000\/svg\" width=\"12\" height=\"12\" fill=\"none\" viewBox=\"0 0 12 12\">\n\t\t\t\t<path fill=\"#fff\" d=\"M2 0a2 2 0 0 0-2 2v2h1.5V2a.5.5 0 0 1 .5-.5h2V0H2Zm2 10.5H2a.5.5 0 0 1-.5-.5V8H0v2a2 2 0 0 0 2 2h2v-1.5ZM8 12v-1.5h2a.5.5 0 0 0 .5-.5V8H12v2a2 2 0 0 1-2 2H8Zm2-12a2 2 0 0 1 2 2v2h-1.5V2a.5.5 0 0 0-.5-.5H8V0h2Z\" \/>\n\t\t\t<\/svg>\n\t\t<\/button><\/figure>\n\n\n\n<div class=\"wp-block-group wp-container-content-9cfa9a5a is-vertical is-nowrap is-layout-flex wp-container-core-group-is-layout-3655d5c7 wp-block-group-is-layout-flex\">\n<h3 class=\"wp-block-heading\"><strong>Domenica 25 Maggio ore 15:00 Piazza Degli Eremitani &#8211; PADOVA<\/strong><\/h3>\n\n\n\n<p>Invitiamo tutti a partecipare al presidio del <strong>Coordinamento NO NATO Veneto<\/strong> per dire no alle assurde politiche di spesa per il riarmo volute dall&#8217;Europa guerrafondaia.<br>Sotto il testo del volantino che <strong>Cittadini  per la Pace<\/strong> distribuir\u00e0 durante la giornata.<br><br><\/p>\n<\/div>\n<\/div>\n\n\n\n<p>Il coordinamento <strong>Cittadini per la Pace<\/strong>, quello che ha<br>organizzato la grande e consapevole manifestazione<br>di Assisi del 29 settembre dell\u2019anno scorso, vuole portare il<br>proprio messaggio a favore della Pace.<\/p>\n\n\n\n<p>I potenti terrorizzano i popoli da sempre.<br>Quelli che ci hanno venduto la <strong>PAURA<\/strong> e la <strong>MALATTIA<\/strong> sono<br>gli stessi che ci hanno venduto la \u201c<strong>CURA<\/strong>\u201d.<br>Lo stesso fanno con il clima, le guerre, ed ogni altra<br>emergenza.<br>Stati Uniti, NATO e Unione Europea hanno finanziato e<br>armato l\u2019Ucraina usando i suoi cittadini come carne da<br>cannone per piegare la Federazione Russa; hanno finanziato<br>e armato Netanyahu per attuare il genocidio a Gaza e<br>schiacciare la legittima resistenza del popolo palestinese;<br>producono e vendono armi a paesi in guerra, in sfregio alla<br>Costituzione, l\u2019Italia il sesto produttore di armi al mondo!<br>Giocano le carte delle emergenze, facendo leva sulle paure<br>degli esseri umani, paura di perdere la salute, la vita, i<br>risparmi, il territorio\u2026 perch\u00e9 non sono capaci di governare<br>in altro modo!<br>Se li guardiamo da vicino sono dei vigliacchi.<br>Ma che VITA ci pu\u00f2 essere senza la LIBERT\u00c0 di esprimere il<br>proprio dissenso?<\/p>\n\n\n\n<p>Potremmo essere prossimi alla terza guerra mondiale e il<br>rischio direttamente proporzionale alla quantit\u00e0 di armi che<br>riempono gli arsenali dei paesi guerrafondai.<\/p>\n\n\n\n<p>I politicanti vogliono un\u2019Europa unita e armata.<br><strong>Paura Isolamento Malattia Morte Divieti Restrizioni<br>Permessi Zone Minaccia<\/strong><br>sono le parole con cui ci spaventano.<\/p>\n\n\n\n<p style=\"text-decoration:underline\">Siamo in TANTI, possiamo diventare un\u2019interessante MASSA<br>CRITICA.<\/p>\n\n\n\n<p>Sarebbe utile unire tutte le realt\u00e0 pacifiste e antimperialiste<br>in una grande manifestazione nazionale,<br>stavolta a Roma contro l\u2019ingerenza statunitense e la deriva<br>bellicista di un\u2019Europa folle.<\/p>\n\n\n\n<ul class=\"wp-block-list\">\n<li class=\"has-x-large-font-size\" style=\"font-style:normal;font-weight:800\">Per il diritto alla Pace di ogni Popolo.<\/li>\n\n\n\n<li class=\"has-x-large-font-size\" style=\"font-style:normal;font-weight:800\">Per un\u2019Italia neutrale, libera e indipendente.<\/li>\n\n\n\n<li class=\"has-x-large-font-size\" style=\"font-style:normal;font-weight:800\">Fermare LA STRAGE IN TUTTA LA PALESTINA.<\/li>\n\n\n\n<li class=\"has-x-large-font-size\" style=\"font-style:normal;font-weight:800\">Sciogliere la NATO e tutte le Alleanze militari.<\/li>\n\n\n\n<li class=\"has-x-large-font-size\" style=\"font-style:normal;font-weight:800\">Bloccare l\u2019invio di armi all\u2019Ucraina!<\/li>\n<\/ul>\n","protected":false},"excerpt":{"rendered":"<p>Domenica 25 Maggio ore 15:00 Piazza Degli Eremitani &#8211; PADOVA Invitiamo tutti a partecipare al presidio del Coordinamento NO NATO Veneto per dire no alle assurde politiche di spesa per il riarmo volute dall&#8217;Europa guerrafondaia.Sotto il testo del volantino che Cittadini per la Pace distribuir\u00e0 durante la giornata. Il coordinamento Cittadini per la Pace, quello [&hellip;]<\/p>\n","protected":false},"author":1,"featured_media":0,"comment_status":"open","ping_status":"open","sticky":false,"template":"","format":"standard","meta":{"_uag_custom_page_level_css":"","footnotes":""},"categories":[1],"tags":[],"class_list":["post-173","post","type-post","status-publish","format-standard","hentry","category-uncategorized"],"uagb_featured_image_src":{"full":false,"thumbnail":false,"medium":false,"medium_large":false,"large":false,"1536x1536":false,"2048x2048":false},"uagb_author_info":{"display_name":"admin","author_link":"https:\/\/cittadiniperlapace.org\/index.php\/author\/veonline\/"},"uagb_comment_info":7,"uagb_excerpt":"Domenica 25 Maggio ore 15:00 Piazza Degli Eremitani &#8211; PADOVA Invitiamo tutti a partecipare al presidio del Coordinamento NO NATO Veneto per dire no alle assurde politiche di spesa per il riarmo volute dall&#8217;Europa guerrafondaia.Sotto il testo del volantino che Cittadini per la Pace distribuir\u00e0 durante la giornata. Il coordinamento Cittadini per la Pace, quello&hellip;","_links":{"self":[{"href":"https:\/\/cittadiniperlapace.org\/index.php\/wp-json\/wp\/v2\/posts\/173","targetHints":{"allow":["GET"]}}],"collection":[{"href":"https:\/\/cittadiniperlapace.org\/index.php\/wp-json\/wp\/v2\/posts"}],"about":[{"href":"https:\/\/cittadiniperlapace.org\/index.php\/wp-json\/wp\/v2\/types\/post"}],"author":[{"embeddable":true,"href":"https:\/\/cittadiniperlapace.org\/index.php\/wp-json\/wp\/v2\/users\/1"}],"replies":[{"embeddable":true,"href":"https:\/\/cittadiniperlapace.org\/index.php\/wp-json\/wp\/v2\/comments?post=173"}],"version-history":[{"count":1,"href":"https:\/\/cittadiniperlapace.org\/index.php\/wp-json\/wp\/v2\/posts\/173\/revisions"}],"predecessor-version":[{"id":176,"href":"https:\/\/cittadiniperlapace.org\/index.php\/wp-json\/wp\/v2\/posts\/173\/revisions\/176"}],"wp:attachment":[{"href":"https:\/\/cittadiniperlapace.org\/index.php\/wp-json\/wp\/v2\/media?parent=173"}],"wp:term":[{"taxonomy":"category","embeddable":true,"href":"https:\/\/cittadiniperlapace.org\/index.php\/wp-json\/wp\/v2\/categories?post=173"},{"taxonomy":"post_tag","embeddable":true,"href":"https:\/\/cittadiniperlapace.org\/index.php\/wp-json\/wp\/v2\/tags?post=173"}],"curies":[{"name":"wp","href":"https:\/\/api.w.org\/{rel}","templated":true}]}}