{"id":100,"date":"2025-01-13T22:56:27","date_gmt":"2025-01-13T21:56:27","guid":{"rendered":"https:\/\/cittadiniperlapace.org\/?p=100"},"modified":"2025-05-21T22:56:00","modified_gmt":"2025-05-21T20:56:00","slug":"vicenza-manifestazione-regionale","status":"publish","type":"post","link":"https:\/\/cittadiniperlapace.org\/index.php\/2025\/01\/13\/vicenza-manifestazione-regionale\/","title":{"rendered":"Cittadini in Marcia per la Pace aderisce a: Vicenza &#8211; Manifestazione Regionale"},"content":{"rendered":"\n<div class=\"wp-block-group is-nowrap is-layout-flex wp-container-core-group-is-layout-f66f9956 wp-block-group-is-layout-flex\">\n<figure data-wp-context=\"{&quot;imageId&quot;:&quot;69f12e8de95db&quot;}\" data-wp-interactive=\"core\/image\" data-wp-key=\"69f12e8de95db\" class=\"wp-block-image alignleft size-full wp-container-content-9cfa9a5a wp-lightbox-container\"><img loading=\"lazy\" decoding=\"async\" width=\"526\" height=\"772\" data-wp-class--hide=\"state.isContentHidden\" data-wp-class--show=\"state.isContentVisible\" data-wp-init=\"callbacks.setButtonStyles\" data-wp-on--click=\"actions.showLightbox\" data-wp-on--load=\"callbacks.setButtonStyles\" data-wp-on-window--resize=\"callbacks.setButtonStyles\" src=\"https:\/\/cittadiniperlapace.org\/wp-content\/uploads\/2025\/01\/vicenza_18_gennaio.jpeg\" alt=\"\" class=\"wp-image-101\" style=\"object-fit:cover\" srcset=\"https:\/\/cittadiniperlapace.org\/wp-content\/uploads\/2025\/01\/vicenza_18_gennaio.jpeg 526w, https:\/\/cittadiniperlapace.org\/wp-content\/uploads\/2025\/01\/vicenza_18_gennaio-204x300.jpeg 204w\" sizes=\"auto, (max-width: 526px) 100vw, 526px\" \/><button\n\t\t\tclass=\"lightbox-trigger\"\n\t\t\ttype=\"button\"\n\t\t\taria-haspopup=\"dialog\"\n\t\t\taria-label=\"Ingrandisci\"\n\t\t\tdata-wp-init=\"callbacks.initTriggerButton\"\n\t\t\tdata-wp-on--click=\"actions.showLightbox\"\n\t\t\tdata-wp-style--right=\"state.imageButtonRight\"\n\t\t\tdata-wp-style--top=\"state.imageButtonTop\"\n\t\t>\n\t\t\t<svg xmlns=\"http:\/\/www.w3.org\/2000\/svg\" width=\"12\" height=\"12\" fill=\"none\" viewBox=\"0 0 12 12\">\n\t\t\t\t<path fill=\"#fff\" d=\"M2 0a2 2 0 0 0-2 2v2h1.5V2a.5.5 0 0 1 .5-.5h2V0H2Zm2 10.5H2a.5.5 0 0 1-.5-.5V8H0v2a2 2 0 0 0 2 2h2v-1.5ZM8 12v-1.5h2a.5.5 0 0 0 .5-.5V8H12v2a2 2 0 0 1-2 2H8Zm2-12a2 2 0 0 1 2 2v2h-1.5V2a.5.5 0 0 0-.5-.5H8V0h2Z\" \/>\n\t\t\t<\/svg>\n\t\t<\/button><\/figure>\n\n\n\n<div class=\"wp-block-group wp-container-content-9cfa9a5a is-vertical is-nowrap is-layout-flex wp-container-core-group-is-layout-3655d5c7 wp-block-group-is-layout-flex\">\n<h3 class=\"wp-block-heading\"><strong>Sabato 18 gennaio ore 14.30 Piazza Castello &#8211; Vicenza Manifestazione Regionale *<\/strong><\/h3>\n\n\n\n<p>Invitiamo tutti a partecipare a una mobilitazione pacifica ma incisiva, per la prossima edizione della Fiera dell\u2019Oro, come motore di un processo che si opponga concretamente alla guerra e alle sue economie.<\/p>\n<\/div>\n<\/div>\n\n\n\n<p><strong>STOP AL GENOCIDIO DEL POPOLO PALESTINESE, STOP ALL&#8217;ESPANSIONISMO COLONIALISTA IN MEDIORIENTE, BOICOTTIAMO CHI SOSTIENE ISRAELE MILITARMENTE ED ECONOMICAMENTE, MOBILITIAMOCI CONTRO LE GUERRE E PER IL DISARMO<\/strong><\/p>\n\n\n\n<p>Una guerra condotta anche attraverso il commercio di diamanti, una delle principali fonti di finanziamento dell\u2019esercito di Tel Aviv (IDF). Israele \u00e8 uno dei principali centri mondiali di lavorazione e distribuzione di diamanti, un settore strategico che genera miliardi di dollari in entrate. Anche quest\u2019anno quei diamanti, legame tra l\u2019industria del lusso e l\u2019oppressione sionista nei territori occupati saranno esposti nella nostra citt\u00e0 alla Fiera dell\u2019Oro.<\/p>\n\n\n\n<p>Dal 7 ottobre 2023, l\u2019attacco israeliano ha raggiunto livelli di ferocia senza precedenti. Israele ha intensificato i bombardamenti e le operazioni di terra: la situazione a Gaza \u00e8 precipitata verso una catastrofe umanitaria dove, sono stati uccisi oltre 200 giornalisti al fine di occultare la verit\u00e0. Secondo l&#8217;Organizzazione Mondiale della Sanit\u00e0 (OMS), oltre il 75% delle vittime sono donne e bambini. La malnutrizione tra i minori \u00e8 a un tasso altissimo mentre l\u2019accesso all\u2019acqua potabile \u00e8 quasi inesistente. La popolazione, spinta ai limiti della sopravvivenza, non ha accesso n\u00e9 a cure adeguate n\u00e9 a risorse di base come cibo e medicine. E\u2019 in atto con la complicit\u00e0 dell\u2019occidente un vero e proprio genocidio come denunciato anche da Amnesty International e Human Rights Watch.<\/p>\n\n\n\n<p>Quello che sta accadendo in Medio Oriente: il progetto di Israele di sfruttare il caos per espandere il proprio controllo territoriale, la corsa Europea al riarmo, la vittoria di Trump le cui politiche peggioreranno il quadro internazionale, non possono lasciarci indifferenti.<br>Sbaglieremmo a pensare che tutto ci\u00f2 non ci riguardi, non riguardi la nostra citt\u00e0, Vicenza che ospita le basi militari USA e Comando Nato che hanno sempre storicamente giocato un ruolo, con i propri militari, nei scenari di guerra del Medio Oriente.<\/p>\n\n\n\n<p><strong>SERVE FERMARE LA CORSA AL RIARMO, SERVE PUNTARE SUI VERI BISOGNI DEI CITTADINI E DELLE CITTADINE, USANDO LE RISORSE ECONOMICHE PER UN MONDO DI PACE CHE PUNTI SU SCUOLA E SANIT\u00c0, NON SULL&#8217;INDUSTRIA BELLICA<\/strong><\/p>\n\n\n\n<p>Da pi\u00f9 di un un anno manifestiamo nelle piazze, ma oggi \u00e8 pi\u00f9 che mai necessario ampliare la mobilitazione e la partecipazione, legandola non solo alla richiesta di un cessate il fuoco immediato e permanente, alla liberazione della Palestina dall\u2019occupazione sionista, ma anche, a partire dal nostro territorio, al disarmo.<\/p>\n\n\n\n<p>Essere contro la guerra significa rifiutare i suoi meccanismi sia sul piano globale che locale, non possiamo delegare la costruzione della Pace ad altri, e\u2019 giunto il momento di esser protagonisti, di manifestare in tanti per le vie della nostra citt\u00e0.<\/p>\n\n\n\n<p><strong>APPELLO PER LA MOBILITAZIONE PLURALE DURANTE LA FIERA DELL&#8217;ORO<\/strong><br>Questo appello \u00e8 frutto di un percorso di realt\u00e0 vicentine che si sono trovate nelle ultime settimane per dare vita a una mobilitazione plurale durante la fiera dell&#8217;oro, chiediamo alle realt\u00e0 che vogliono partecipare al percorso di dare la loro adesione e di allargare ad altri l&#8217;invito.<\/p>\n","protected":false},"excerpt":{"rendered":"<p>Sabato 18 gennaio ore 14.30 Piazza Castello &#8211; Vicenza Manifestazione Regionale * Invitiamo tutti a partecipare a una mobilitazione pacifica ma incisiva, per la prossima edizione della Fiera dell\u2019Oro, come motore di un processo che si opponga concretamente alla guerra e alle sue economie. STOP AL GENOCIDIO DEL POPOLO PALESTINESE, STOP ALL&#8217;ESPANSIONISMO COLONIALISTA IN MEDIORIENTE, [&hellip;]<\/p>\n","protected":false},"author":1,"featured_media":0,"comment_status":"closed","ping_status":"closed","sticky":false,"template":"","format":"standard","meta":{"_uag_custom_page_level_css":"","footnotes":""},"categories":[1],"tags":[],"class_list":["post-100","post","type-post","status-publish","format-standard","hentry","category-uncategorized"],"uagb_featured_image_src":{"full":false,"thumbnail":false,"medium":false,"medium_large":false,"large":false,"1536x1536":false,"2048x2048":false},"uagb_author_info":{"display_name":"admin","author_link":"https:\/\/cittadiniperlapace.org\/index.php\/author\/veonline\/"},"uagb_comment_info":0,"uagb_excerpt":"Sabato 18 gennaio ore 14.30 Piazza Castello &#8211; Vicenza Manifestazione Regionale * Invitiamo tutti a partecipare a una mobilitazione pacifica ma incisiva, per la prossima edizione della Fiera dell\u2019Oro, come motore di un processo che si opponga concretamente alla guerra e alle sue economie. STOP AL GENOCIDIO DEL POPOLO PALESTINESE, STOP ALL&#8217;ESPANSIONISMO COLONIALISTA IN MEDIORIENTE,&hellip;","_links":{"self":[{"href":"https:\/\/cittadiniperlapace.org\/index.php\/wp-json\/wp\/v2\/posts\/100","targetHints":{"allow":["GET"]}}],"collection":[{"href":"https:\/\/cittadiniperlapace.org\/index.php\/wp-json\/wp\/v2\/posts"}],"about":[{"href":"https:\/\/cittadiniperlapace.org\/index.php\/wp-json\/wp\/v2\/types\/post"}],"author":[{"embeddable":true,"href":"https:\/\/cittadiniperlapace.org\/index.php\/wp-json\/wp\/v2\/users\/1"}],"replies":[{"embeddable":true,"href":"https:\/\/cittadiniperlapace.org\/index.php\/wp-json\/wp\/v2\/comments?post=100"}],"version-history":[{"count":14,"href":"https:\/\/cittadiniperlapace.org\/index.php\/wp-json\/wp\/v2\/posts\/100\/revisions"}],"predecessor-version":[{"id":125,"href":"https:\/\/cittadiniperlapace.org\/index.php\/wp-json\/wp\/v2\/posts\/100\/revisions\/125"}],"wp:attachment":[{"href":"https:\/\/cittadiniperlapace.org\/index.php\/wp-json\/wp\/v2\/media?parent=100"}],"wp:term":[{"taxonomy":"category","embeddable":true,"href":"https:\/\/cittadiniperlapace.org\/index.php\/wp-json\/wp\/v2\/categories?post=100"},{"taxonomy":"post_tag","embeddable":true,"href":"https:\/\/cittadiniperlapace.org\/index.php\/wp-json\/wp\/v2\/tags?post=100"}],"curies":[{"name":"wp","href":"https:\/\/api.w.org\/{rel}","templated":true}]}}